{"id":430,"date":"2012-05-02T17:04:33","date_gmt":"2012-05-02T17:04:33","guid":{"rendered":"http:\/\/www.pauloteixeira.net\/wordpress\/?p=430"},"modified":"2012-05-05T22:58:14","modified_gmt":"2012-05-05T22:58:14","slug":"i-torneio-benjamins-cup-2012","status":"publish","type":"post","link":"https:\/\/www.pauloteixeira.net\/wordpress\/2012\/05\/02\/i-torneio-benjamins-cup-2012\/","title":{"rendered":"I Torneio Benjamins Cup 2012"},"content":{"rendered":"<div class=\"mceTemp\">\n<dl id=\"attachment_431\" class=\"wp-caption alignleft\" style=\"width: 310px;\">\n<dt class=\"wp-caption-dt\"><a href=\"http:\/\/www.pauloteixeira.net\/wordpress\/wp-content\/uploads\/2012\/05\/DSC_2830.jpg\"><img loading=\"lazy\" class=\"size-medium wp-image-431\" title=\" \" src=\"http:\/\/www.pauloteixeira.net\/wordpress\/wp-content\/uploads\/2012\/05\/DSC_2830-300x202.jpg\" alt=\"\" width=\"300\" height=\"202\" srcset=\"https:\/\/www.pauloteixeira.net\/wordpress\/wp-content\/uploads\/2012\/05\/DSC_2830-300x202.jpg 300w, https:\/\/www.pauloteixeira.net\/wordpress\/wp-content\/uploads\/2012\/05\/DSC_2830-1024x690.jpg 1024w, https:\/\/www.pauloteixeira.net\/wordpress\/wp-content\/uploads\/2012\/05\/DSC_2830.jpg 1772w\" sizes=\"(max-width: 300px) 100vw, 300px\" \/><\/a><\/dt>\n<dd class=\"wp-caption-dd\"><\/dd>\n<\/dl>\n<\/div>\n<p>O feriado do 1\u00ba de Maio foi o dia escolhido para realizar o I Torneio de Futebol de Benjamins, no Est\u00e1dio Municipal de Amarante. Para al\u00e9m da equipa principal de Escolinhas (Benjamins) do Amarante Futebol Clube que, no passado S\u00e1bado se tornou campe\u00e3 da S\u00e9rie 1 de Juniores E em Futebol de 7 da Associa\u00e7\u00e3o de Futebol do Porto; participaram ainda as equipas do FCP \u2013 Dragon Force, Vit\u00f3ria de Guimar\u00e3es, Scuola AC Milan, Penafiel e o GD de Chaves.<\/p>\n<p>O certame decorreu durante o dia todo, realizando-se da parte da manh\u00e3 e in\u00edcio da tarde o campeonato entre todas as equipas. As meias-finais e a pr\u00f3pria final, realizada entre o Vit\u00f3ria SC e o AC Milan, foram apenas decididas atrav\u00e9s do sistema de desempate pela marca de grande penalidade, o que reflete bem o equil\u00edbrio entre as equipas convidadas.<\/p>\n<p>No final, saiu vencedora a equipa do Scuola AC Milan. Completaram o p\u00f3dio o Vit\u00f3ria de Guimar\u00e3es e o Penafiel. O AFC ficou no 5\u00ba lugar ap\u00f3s uma emocionante \u00faltima jornada do campeonato em que esteve muito perto de se poder qualificar para as meias-finais.<\/p>\n<p>Para al\u00e9m das respetivas ta\u00e7as entregues aos 3 primeiros classificados, houve pr\u00e9mios de participa\u00e7\u00e3o para todas as equipas e distinguiram-se ainda Jo\u00e3o, como melhor Guarda-Redes e Pedro, como o melhor jogador do torneio. Ambos s\u00e3o do Vit\u00f3ria SC.<\/p>\n<p>Para al\u00e9m da import\u00e2ncia de um evento deste g\u00e9nero para a cidade, de destacar ainda a irrepreens\u00edvel organiza\u00e7\u00e3o do Amarante Futebol Clube, seus dirigentes e treinadores que fizeram com que este torneio fosse um sucesso.<\/p>\n<p>[ <a title=\"Fotos\" href=\"http:\/\/www.pauloteixeira.net\/portfolio\/#\/content\/Desporto%20e%20Accao\/Amarante%20Futebol%20Clube\/2011-2012\/2012-05-01%20-%20I%20Torneio%20Benjamins%20Cup%202012\/\" target=\"_blank\">Fotos<\/a> ] [ <a title=\"Noticia\" href=\"http:\/\/www.semmargens.com\/noticias_dlhs.php?Id=27\" target=\"_blank\">Jornal &#8220;Sem Margens&#8221;<\/a> ]<\/p>\n","protected":false},"excerpt":{"rendered":"<p>O feriado do 1\u00ba de Maio foi o dia escolhido para realizar o I Torneio de Futebol de Benjamins, no Est\u00e1dio Municipal de Amarante. Para al\u00e9m da equipa principal de Escolinhas (Benjamins) do Amarante Futebol Clube que, no passado S\u00e1bado se tornou campe\u00e3 da S\u00e9rie 1 de Juniores E em Futebol de 7 da Associa\u00e7\u00e3o [&hellip;]<\/p>\n","protected":false},"author":1,"featured_media":0,"comment_status":"open","ping_status":"closed","sticky":false,"template":"","format":"standard","meta":[],"categories":[8],"tags":[],"_links":{"self":[{"href":"https:\/\/www.pauloteixeira.net\/wordpress\/wp-json\/wp\/v2\/posts\/430"}],"collection":[{"href":"https:\/\/www.pauloteixeira.net\/wordpress\/wp-json\/wp\/v2\/posts"}],"about":[{"href":"https:\/\/www.pauloteixeira.net\/wordpress\/wp-json\/wp\/v2\/types\/post"}],"author":[{"embeddable":true,"href":"https:\/\/www.pauloteixeira.net\/wordpress\/wp-json\/wp\/v2\/users\/1"}],"replies":[{"embeddable":true,"href":"https:\/\/www.pauloteixeira.net\/wordpress\/wp-json\/wp\/v2\/comments?post=430"}],"version-history":[{"count":5,"href":"https:\/\/www.pauloteixeira.net\/wordpress\/wp-json\/wp\/v2\/posts\/430\/revisions"}],"predecessor-version":[{"id":435,"href":"https:\/\/www.pauloteixeira.net\/wordpress\/wp-json\/wp\/v2\/posts\/430\/revisions\/435"}],"wp:attachment":[{"href":"https:\/\/www.pauloteixeira.net\/wordpress\/wp-json\/wp\/v2\/media?parent=430"}],"wp:term":[{"taxonomy":"category","embeddable":true,"href":"https:\/\/www.pauloteixeira.net\/wordpress\/wp-json\/wp\/v2\/categories?post=430"},{"taxonomy":"post_tag","embeddable":true,"href":"https:\/\/www.pauloteixeira.net\/wordpress\/wp-json\/wp\/v2\/tags?post=430"}],"curies":[{"name":"wp","href":"https:\/\/api.w.org\/{rel}","templated":true}]}}