{"id":335,"date":"2011-09-26T10:00:53","date_gmt":"2011-09-26T10:00:53","guid":{"rendered":"http:\/\/www.pauloteixeira.net\/wordpress\/?p=335"},"modified":"2011-10-06T22:47:21","modified_gmt":"2011-10-06T22:47:21","slug":"apresentacao-dos-goncalinhos-afc","status":"publish","type":"post","link":"https:\/\/www.pauloteixeira.net\/wordpress\/2011\/09\/26\/apresentacao-dos-goncalinhos-afc\/","title":{"rendered":"Apresenta\u00e7\u00e3o dos Gon\u00e7alinhos &#8211; AFC"},"content":{"rendered":"<div class=\"mceTemp\">\n<dl id=\"attachment_336\" class=\"wp-caption alignleft\" style=\"width: 310px;\">\n<dt class=\"wp-caption-dt\"><a href=\"http:\/\/www.pauloteixeira.net\/wordpress\/wp-content\/uploads\/2011\/09\/DSC_5038.jpg\"><img loading=\"lazy\" class=\"size-medium wp-image-336\" title=\" \" src=\"http:\/\/www.pauloteixeira.net\/wordpress\/wp-content\/uploads\/2011\/09\/DSC_5038-300x227.jpg\" alt=\"\" width=\"300\" height=\"227\" srcset=\"https:\/\/www.pauloteixeira.net\/wordpress\/wp-content\/uploads\/2011\/09\/DSC_5038-300x227.jpg 300w, https:\/\/www.pauloteixeira.net\/wordpress\/wp-content\/uploads\/2011\/09\/DSC_5038-1024x775.jpg 1024w, https:\/\/www.pauloteixeira.net\/wordpress\/wp-content\/uploads\/2011\/09\/DSC_5038.jpg 1188w\" sizes=\"(max-width: 300px) 100vw, 300px\" \/><\/a><\/dt>\n<dd class=\"wp-caption-dd\"><\/dd>\n<\/dl>\n<\/div>\n<p><strong><\/strong>Os Gon\u00e7alinhos tiveram a sua apresenta\u00e7\u00e3o no in\u00edcio e intervalo do encontro entre o plantel s\u00e9nior principal do AFC e a equipa dos Aliados de Lordelo. Primeiro, na subida ao relvado, acompanhado os intervenientes do jogo, depois numa apresenta\u00e7\u00e3o individual. No final da mesma, foi entregue uma bola assinada por toda a equipa ao mi\u00fado Marcelo, o mais ass\u00edduo do ano anterior.<\/p>\n<p>Os Gon\u00e7alinhos s\u00e3o o escal\u00e3o pr\u00e9-competi\u00e7\u00e3o do Amarante Futebol Clube, constitu\u00eddo por crian\u00e7as a partir dos 4 anos de idade, procurando integr\u00e1-los para uma pr\u00e1tica desportiva saud\u00e1vel, incutindo-lhes algum rigor, disciplina e autonomia que ser\u00e3o\u00a0 importantes no seu crescimento como homens. Aos Gon\u00e7alinhos ser\u00e3o ensinadas as primeiras no\u00e7\u00f5es de treino e jogo em equipa, com maior ou menor rigor, consoante as idades. Para tal, o clube disponibiliza alguns dos seus t\u00e9cnicos profissionais.<\/p>\n<p>No total, est\u00e3o j\u00e1 a treinar mais de 100 mi\u00fados, naturalmente que neste Domingo n\u00e3o se encontraram todos presentes.<\/p>\n<p>| <a title=\"Fotos da Apresenta\u00e7\u00e3o\" href=\"http:\/\/www.pauloteixeira.net\/portfolio\/#\/content\/Desporto%20e%20Accao\/Amarante%20Futebol%20Clube\/2011-09-25%20-%20Apresentacao%20Goncalinhos\/\" target=\"_blank\">Fotos<\/a> |<\/p>\n","protected":false},"excerpt":{"rendered":"<p>Os Gon\u00e7alinhos tiveram a sua apresenta\u00e7\u00e3o no in\u00edcio e intervalo do encontro entre o plantel s\u00e9nior principal do AFC e a equipa dos Aliados de Lordelo. Primeiro, na subida ao relvado, acompanhado os intervenientes do jogo, depois numa apresenta\u00e7\u00e3o individual. No final da mesma, foi entregue uma bola assinada por toda a equipa ao mi\u00fado [&hellip;]<\/p>\n","protected":false},"author":1,"featured_media":0,"comment_status":"open","ping_status":"closed","sticky":false,"template":"","format":"standard","meta":[],"categories":[8],"tags":[],"_links":{"self":[{"href":"https:\/\/www.pauloteixeira.net\/wordpress\/wp-json\/wp\/v2\/posts\/335"}],"collection":[{"href":"https:\/\/www.pauloteixeira.net\/wordpress\/wp-json\/wp\/v2\/posts"}],"about":[{"href":"https:\/\/www.pauloteixeira.net\/wordpress\/wp-json\/wp\/v2\/types\/post"}],"author":[{"embeddable":true,"href":"https:\/\/www.pauloteixeira.net\/wordpress\/wp-json\/wp\/v2\/users\/1"}],"replies":[{"embeddable":true,"href":"https:\/\/www.pauloteixeira.net\/wordpress\/wp-json\/wp\/v2\/comments?post=335"}],"version-history":[{"count":4,"href":"https:\/\/www.pauloteixeira.net\/wordpress\/wp-json\/wp\/v2\/posts\/335\/revisions"}],"predecessor-version":[{"id":338,"href":"https:\/\/www.pauloteixeira.net\/wordpress\/wp-json\/wp\/v2\/posts\/335\/revisions\/338"}],"wp:attachment":[{"href":"https:\/\/www.pauloteixeira.net\/wordpress\/wp-json\/wp\/v2\/media?parent=335"}],"wp:term":[{"taxonomy":"category","embeddable":true,"href":"https:\/\/www.pauloteixeira.net\/wordpress\/wp-json\/wp\/v2\/categories?post=335"},{"taxonomy":"post_tag","embeddable":true,"href":"https:\/\/www.pauloteixeira.net\/wordpress\/wp-json\/wp\/v2\/tags?post=335"}],"curies":[{"name":"wp","href":"https:\/\/api.w.org\/{rel}","templated":true}]}}