{"id":303,"date":"2011-07-28T10:00:38","date_gmt":"2011-07-28T10:00:38","guid":{"rendered":"http:\/\/www.pauloteixeira.net\/wordpress\/?p=303"},"modified":"2011-08-05T08:53:14","modified_gmt":"2011-08-05T08:53:14","slug":"rescaldo-do-incendio","status":"publish","type":"post","link":"https:\/\/www.pauloteixeira.net\/wordpress\/2011\/07\/28\/rescaldo-do-incendio\/","title":{"rendered":"Rescaldo do Inc\u00eandio"},"content":{"rendered":"<div class=\"mceTemp\">\n<dl id=\"attachment_330\" class=\"wp-caption alignleft\" style=\"width: 310px;\">\n<dt class=\"wp-caption-dt\"><a href=\"http:\/\/www.pauloteixeira.net\/wordpress\/wp-content\/uploads\/2011\/07\/DSC_23641.jpg\"><img loading=\"lazy\" class=\"size-medium wp-image-330\" title=\"\" src=\"http:\/\/www.pauloteixeira.net\/wordpress\/wp-content\/uploads\/2011\/07\/DSC_23641-300x200.jpg\" alt=\"\" width=\"300\" height=\"200\" srcset=\"https:\/\/www.pauloteixeira.net\/wordpress\/wp-content\/uploads\/2011\/07\/DSC_23641-300x200.jpg 300w, https:\/\/www.pauloteixeira.net\/wordpress\/wp-content\/uploads\/2011\/07\/DSC_23641.jpg 960w\" sizes=\"(max-width: 300px) 100vw, 300px\" \/><\/a><\/dt>\n<dd class=\"wp-caption-dd\"><\/dd>\n<\/dl>\n<\/div>\n<p>Esta manh\u00e3, o tr\u00e2nsito na Rua C\u00e2ndido dos Reis no local do inc\u00eandio encontra-se cortado. Bombeiros, membros da Protec\u00e7\u00e3o Civil, t\u00e9cnicos da C\u00e2mara Municipal fazem o rescaldo e per\u00edcias normais nestas situa\u00e7\u00f5es.<\/p>\n<p>Os estragos s\u00e3o vis\u00edveis, com a destrui\u00e7\u00e3o total da ex-Sede do Amarante Futebol Clube, Talho, Cabeleireira, Padaria Celetes, Mini-Pomar e lojas\/edif\u00edcios cont\u00edguos danificados.<\/p>\n<p>[ <a title=\"Fotos do Rescaldo do Inc\u00eandio\" href=\"http:\/\/www.pauloteixeira.net\/portfolio\/#\/content\/Fotojornalismo\/2011-07-28%20-%20Rescaldo%20Incendio%20Centro%20Amarante\/\" target=\"_blank\">Ver mais Fotos<\/a> ]<\/p>\n","protected":false},"excerpt":{"rendered":"<p>Esta manh\u00e3, o tr\u00e2nsito na Rua C\u00e2ndido dos Reis no local do inc\u00eandio encontra-se cortado. Bombeiros, membros da Protec\u00e7\u00e3o Civil, t\u00e9cnicos da C\u00e2mara Municipal fazem o rescaldo e per\u00edcias normais nestas situa\u00e7\u00f5es. Os estragos s\u00e3o vis\u00edveis, com a destrui\u00e7\u00e3o total da ex-Sede do Amarante Futebol Clube, Talho, Cabeleireira, Padaria Celetes, Mini-Pomar e lojas\/edif\u00edcios cont\u00edguos danificados. [&hellip;]<\/p>\n","protected":false},"author":1,"featured_media":0,"comment_status":"closed","ping_status":"closed","sticky":false,"template":"","format":"standard","meta":[],"categories":[7],"tags":[],"_links":{"self":[{"href":"https:\/\/www.pauloteixeira.net\/wordpress\/wp-json\/wp\/v2\/posts\/303"}],"collection":[{"href":"https:\/\/www.pauloteixeira.net\/wordpress\/wp-json\/wp\/v2\/posts"}],"about":[{"href":"https:\/\/www.pauloteixeira.net\/wordpress\/wp-json\/wp\/v2\/types\/post"}],"author":[{"embeddable":true,"href":"https:\/\/www.pauloteixeira.net\/wordpress\/wp-json\/wp\/v2\/users\/1"}],"replies":[{"embeddable":true,"href":"https:\/\/www.pauloteixeira.net\/wordpress\/wp-json\/wp\/v2\/comments?post=303"}],"version-history":[{"count":3,"href":"https:\/\/www.pauloteixeira.net\/wordpress\/wp-json\/wp\/v2\/posts\/303\/revisions"}],"predecessor-version":[{"id":331,"href":"https:\/\/www.pauloteixeira.net\/wordpress\/wp-json\/wp\/v2\/posts\/303\/revisions\/331"}],"wp:attachment":[{"href":"https:\/\/www.pauloteixeira.net\/wordpress\/wp-json\/wp\/v2\/media?parent=303"}],"wp:term":[{"taxonomy":"category","embeddable":true,"href":"https:\/\/www.pauloteixeira.net\/wordpress\/wp-json\/wp\/v2\/categories?post=303"},{"taxonomy":"post_tag","embeddable":true,"href":"https:\/\/www.pauloteixeira.net\/wordpress\/wp-json\/wp\/v2\/tags?post=303"}],"curies":[{"name":"wp","href":"https:\/\/api.w.org\/{rel}","templated":true}]}}