{"id":507,"date":"2014-02-26T23:41:15","date_gmt":"2014-02-26T23:41:15","guid":{"rendered":"http:\/\/www.pauloteixeira.net\/wordpress\/?p=507"},"modified":"2014-02-26T23:48:28","modified_gmt":"2014-02-26T23:48:28","slug":"mais-uma-cerveja-pelo-simaoc","status":"publish","type":"post","link":"http:\/\/www.pauloteixeira.net\/wordpress\/2014\/02\/26\/mais-uma-cerveja-pelo-simaoc\/","title":{"rendered":"Mais uma cerveja pelo #SimaoC"},"content":{"rendered":"<p><a href=\"http:\/\/www.pauloteixeira.net\/wordpress\/wp-content\/uploads\/2014\/02\/IMG_20140216_162204.jpg\"><img loading=\"lazy\" class=\"size-medium wp-image-508 alignleft\" alt=\"\" src=\"http:\/\/www.pauloteixeira.net\/wordpress\/wp-content\/uploads\/2014\/02\/IMG_20140216_162204-300x275.jpg\" width=\"300\" height=\"275\" srcset=\"http:\/\/www.pauloteixeira.net\/wordpress\/wp-content\/uploads\/2014\/02\/IMG_20140216_162204-300x275.jpg 300w, http:\/\/www.pauloteixeira.net\/wordpress\/wp-content\/uploads\/2014\/02\/IMG_20140216_162204.jpg 800w\" sizes=\"(max-width: 300px) 100vw, 300px\" \/><\/a><\/p>\n<p style=\"text-align: left;\" align=\"center\"><i>O Mundo brindou em honra a Sim\u00e3o Carvalho<\/i><\/p>\n<p style=\"text-align: left;\">\u00a0A partida prematura de Sim\u00e3o Carvalho, de 35 anos, natural de Amarante, gerou uma onda de consterna\u00e7\u00e3o sem precedentes nos \u00faltimos anos. O seu enorme cora\u00e7\u00e3o cedeu e, aqueles que com ele privavam, os mais chegados, os conhecidos, at\u00e9 aqueles que apenas o passaram a &#8220;conhecer&#8221; depois da sua morte; ningu\u00e9m ficou indiferente.<\/p>\n<p style=\"text-align: left;\">O motivo n\u00e3o \u00e9 para menos: filho e irm\u00e3o de pessoas queridas da terra, com um passado e um presente de educa\u00e7\u00e3o c\u00edvica, moral, religiosa, de solidariedade e voluntariado; este jovem viu abruptamente interrompido um percurso de vida de ajuda pelo pr\u00f3ximo, granjeando amizades por onde passava, que agora sofrem com a saudade. Em Portugal, foi escuteiro e membro da Cruz Vermelha; em Fran\u00e7a, onde estava h\u00e1 11 anos, dedicava-se \u00e0 inser\u00e7\u00e3o de jovens com autismo e Trissomia 21 no mercado de trabalho.<\/p>\n<p style=\"text-align: left;\">A sua enorme sensibilidade traduzia-se igualmente na arte de bem fotografar com centenas de fotografias dispon\u00edveis nas redes sociais, atrav\u00e9s da aplica\u00e7\u00e3o Instagram, de onde se destacam perspetivas \u00fanicas da cidade de Amarante. A prop\u00f3sito, um AmiGo escreveu um dia: &#8220;Tem um olhar que revela um cora\u00e7\u00e3o que v\u00ea!&#8221;<\/p>\n<p style=\"text-align: left;\">E foi atrav\u00e9s das redes sociais, que no passado Domingo, dia 16, se organizou um evento que teve o nome de &#8220;Mais uma Bock pelo Sim\u00e3o&#8221;, assim descrito por Elsa Bicho n&#8217;A Bola &#8211; Online: &#8220;Estivessem onde estivessem, fosse a que horas fosse, o intuito foi celebrar a vida e passar mensagem positiva entre um gole e um sorriso. As fotografias dos brindes a Sim\u00e3o enriqueceram a p\u00e1gina de Facebook que difundiu a especial homenagem a este jovem recordado por mais de 700 pessoas de 50 lugares de todo o mundo, desde a Venezuela ao Canad\u00e1, passando pela Europa e chegando a \u00c1frica onde tamb\u00e9m encontrou a ades\u00e3o de companheiros de Angola, Mo\u00e7ambique, Congo e Guin\u00e9 Bissau, chegando ainda \u00e0 \u00c1sia (Indon\u00e9sia, Timor, China, Dubai) e Austr\u00e1lia. Um exemplo de que as hist\u00f3rias infelizes podem sempre ser pinceladas de esperan\u00e7a e conforto.&#8221;<\/p>\n<p style=\"text-align: left;\">Em Amarante, por volta das 16:00, os que puderam &#8211; e foram muitos, reuniram-se no Largo de S\u00e3o Gon\u00e7alo.<\/p>\n<p style=\"text-align: left;\">&#8220;A Amizade duplica as alegrias e reparte as tristezas. \u00c0 tua, Sim\u00e3o!&#8221;<\/p>\n<p><strong>pauloteixeira.net<\/strong>, in &#8220;Flor do T\u00e2mega&#8221;<br \/>\n<a title=\"Link Facebook\" href=\"https:\/\/www.facebook.com\/events\/648317018549582\/\" target=\"_blank\"><em>https:\/\/www.facebook.com\/events\/648317018549582\/<\/em><\/a><\/p>\n","protected":false},"excerpt":{"rendered":"<p>O Mundo brindou em honra a Sim\u00e3o Carvalho \u00a0A partida prematura de Sim\u00e3o Carvalho, de 35 anos, natural de Amarante, gerou uma onda de consterna\u00e7\u00e3o sem precedentes nos \u00faltimos anos. O seu enorme cora\u00e7\u00e3o cedeu e, aqueles que com ele privavam, os mais chegados, os conhecidos, at\u00e9 aqueles que apenas o passaram a &#8220;conhecer&#8221; depois [&hellip;]<\/p>\n","protected":false},"author":1,"featured_media":0,"comment_status":"open","ping_status":"closed","sticky":false,"template":"","format":"standard","meta":[],"categories":[7],"tags":[],"_links":{"self":[{"href":"http:\/\/www.pauloteixeira.net\/wordpress\/wp-json\/wp\/v2\/posts\/507"}],"collection":[{"href":"http:\/\/www.pauloteixeira.net\/wordpress\/wp-json\/wp\/v2\/posts"}],"about":[{"href":"http:\/\/www.pauloteixeira.net\/wordpress\/wp-json\/wp\/v2\/types\/post"}],"author":[{"embeddable":true,"href":"http:\/\/www.pauloteixeira.net\/wordpress\/wp-json\/wp\/v2\/users\/1"}],"replies":[{"embeddable":true,"href":"http:\/\/www.pauloteixeira.net\/wordpress\/wp-json\/wp\/v2\/comments?post=507"}],"version-history":[{"count":3,"href":"http:\/\/www.pauloteixeira.net\/wordpress\/wp-json\/wp\/v2\/posts\/507\/revisions"}],"predecessor-version":[{"id":511,"href":"http:\/\/www.pauloteixeira.net\/wordpress\/wp-json\/wp\/v2\/posts\/507\/revisions\/511"}],"wp:attachment":[{"href":"http:\/\/www.pauloteixeira.net\/wordpress\/wp-json\/wp\/v2\/media?parent=507"}],"wp:term":[{"taxonomy":"category","embeddable":true,"href":"http:\/\/www.pauloteixeira.net\/wordpress\/wp-json\/wp\/v2\/categories?post=507"},{"taxonomy":"post_tag","embeddable":true,"href":"http:\/\/www.pauloteixeira.net\/wordpress\/wp-json\/wp\/v2\/tags?post=507"}],"curies":[{"name":"wp","href":"https:\/\/api.w.org\/{rel}","templated":true}]}}