{"id":444,"date":"2012-06-25T22:19:11","date_gmt":"2012-06-25T22:19:11","guid":{"rendered":"http:\/\/www.pauloteixeira.net\/wordpress\/?p=444"},"modified":"2013-06-14T06:41:26","modified_gmt":"2013-06-14T06:41:26","slug":"um-mundo-onde-tudo-e-possivel","status":"publish","type":"post","link":"http:\/\/www.pauloteixeira.net\/wordpress\/2012\/06\/25\/um-mundo-onde-tudo-e-possivel\/","title":{"rendered":"Um Mundo onde tudo \u00e9 poss\u00edvel"},"content":{"rendered":"<p><a href=\"http:\/\/www.pauloteixeira.net\/wordpress\/wp-content\/uploads\/2012\/06\/DSC_5965.jpg\"><img loading=\"lazy\" class=\"wp-image-445  alignleft\" title=\" \" alt=\" \" src=\"http:\/\/www.pauloteixeira.net\/wordpress\/wp-content\/uploads\/2012\/06\/DSC_5965-150x150.jpg\" width=\"150\" height=\"150\" \/><\/a><\/p>\n<p>No passado S\u00e1bado, teve lugar nas instala\u00e7\u00f5es principais do Infant\u00e1rio-Creche O Mi\u00fado I a j\u00e1 tradicional festa de final de ano, que re\u00fane crian\u00e7as, educadoras, auxiliares e os respons\u00e1veis das 3 instala\u00e7\u00f5es desta institui\u00e7\u00e3o de refer\u00eancia na cidade de Amarante.<\/p>\n<p>E, mais uma vez, as expectativas n\u00e3o sa\u00edram defraudadas, a come\u00e7ar desde logo por um cen\u00e1rio not\u00e1vel com a presen\u00e7a de um imponente castelo constru\u00eddo para o evento, feito mais uma vez com a arte e engenho de um carpinteiro de Padronelo, que j\u00e1 costuma colaborar com o infant\u00e1rio, realizando obras not\u00e1veis. \u00c0 edifica\u00e7\u00e3o n\u00e3o faltou sequer a versatilidade de se poder deslocar as forma pr\u00e1tica as paredes da fachada principal por forma a que a atua\u00e7\u00e3o das salas mais pequenas pudessem ocorrer l\u00e1 dentro e de forma vis\u00edvel para quem assistia.<\/p>\n<p>O tema deste ano foi &#8220;Peter Pan na Terra do Nunca&#8221; e abordou a forma como as crian\u00e7as t\u00eam esta caracter\u00edstica \u00fanica de viver num mundo pr\u00f3prio, onde tudo \u00e9 poss\u00edvel, onde o bem ganha sempre, onde nunca se cresce. E \u00e9 maravilhoso como conseguem muitas vezes transportar para esse Mundo os adultos.<\/p>\n<p>As salas dos mesmos anos das v\u00e1rias instala\u00e7\u00f5es atuaram em conjunto, num sinal de bastante coopera\u00e7\u00e3o. E\u00a0 o momento mais alto deste ano aconteceu com a participa\u00e7\u00e3o dos pais dos finalistas em atua\u00e7\u00f5es tipo karaoke, mas com todo o pormenor de caracteriza\u00e7\u00e3o e visivelmente bem ensaiado. Viveu-se um mundo pr\u00f3prio, um mundo onde tudo foi poss\u00edvel, onde foi poss\u00edvel ver de novo Michael Jackson, Spice Girls e os Excesso. Mas houve mais: Charlot, Doce, Sevilhanas, Faf\u00e1 de Bel\u00e9m.<\/p>\n<p>Para o final, estava guardada a tradicional e sempre emotiva despedida das salas dos finalistas, com a cerim\u00f3nia de entrega de diplomas. Depois, pais e familiares dos finalistas puderam conviver num jantar promovido pelo Infant\u00e1rio, noite de S. Jo\u00e3o dentro.<\/p>\n","protected":false},"excerpt":{"rendered":"<p>No passado S\u00e1bado, teve lugar nas instala\u00e7\u00f5es principais do Infant\u00e1rio-Creche O Mi\u00fado I a j\u00e1 tradicional festa de final de ano, que re\u00fane crian\u00e7as, educadoras, auxiliares e os respons\u00e1veis das 3 instala\u00e7\u00f5es desta institui\u00e7\u00e3o de refer\u00eancia na cidade de Amarante. E, mais uma vez, as expectativas n\u00e3o sa\u00edram defraudadas, a come\u00e7ar desde logo por um [&hellip;]<\/p>\n","protected":false},"author":1,"featured_media":445,"comment_status":"open","ping_status":"closed","sticky":false,"template":"","format":"standard","meta":[],"categories":[9],"tags":[],"_links":{"self":[{"href":"http:\/\/www.pauloteixeira.net\/wordpress\/wp-json\/wp\/v2\/posts\/444"}],"collection":[{"href":"http:\/\/www.pauloteixeira.net\/wordpress\/wp-json\/wp\/v2\/posts"}],"about":[{"href":"http:\/\/www.pauloteixeira.net\/wordpress\/wp-json\/wp\/v2\/types\/post"}],"author":[{"embeddable":true,"href":"http:\/\/www.pauloteixeira.net\/wordpress\/wp-json\/wp\/v2\/users\/1"}],"replies":[{"embeddable":true,"href":"http:\/\/www.pauloteixeira.net\/wordpress\/wp-json\/wp\/v2\/comments?post=444"}],"version-history":[{"count":16,"href":"http:\/\/www.pauloteixeira.net\/wordpress\/wp-json\/wp\/v2\/posts\/444\/revisions"}],"predecessor-version":[{"id":449,"href":"http:\/\/www.pauloteixeira.net\/wordpress\/wp-json\/wp\/v2\/posts\/444\/revisions\/449"}],"wp:featuredmedia":[{"embeddable":true,"href":"http:\/\/www.pauloteixeira.net\/wordpress\/wp-json\/wp\/v2\/media\/445"}],"wp:attachment":[{"href":"http:\/\/www.pauloteixeira.net\/wordpress\/wp-json\/wp\/v2\/media?parent=444"}],"wp:term":[{"taxonomy":"category","embeddable":true,"href":"http:\/\/www.pauloteixeira.net\/wordpress\/wp-json\/wp\/v2\/categories?post=444"},{"taxonomy":"post_tag","embeddable":true,"href":"http:\/\/www.pauloteixeira.net\/wordpress\/wp-json\/wp\/v2\/tags?post=444"}],"curies":[{"name":"wp","href":"https:\/\/api.w.org\/{rel}","templated":true}]}}