{"id":42,"date":"2011-03-20T18:00:28","date_gmt":"2011-03-20T18:00:28","guid":{"rendered":"http:\/\/www.pauloteixeira.net\/wordpress\/?p=42"},"modified":"2011-04-19T09:07:22","modified_gmt":"2011-04-19T09:07:22","slug":"depaisparafilho","status":"publish","type":"post","link":"http:\/\/www.pauloteixeira.net\/wordpress\/2011\/03\/20\/depaisparafilho\/","title":{"rendered":"De pais para filhos"},"content":{"rendered":"<p><strong><em> <\/em><\/strong><\/p>\n<div id=\"attachment_50\" style=\"width: 160px\" class=\"wp-caption alignleft\"><a href=\"http:\/\/www.pauloteixeira.net\/wordpress\/wp-content\/uploads\/2011\/03\/DSC_2574.jpg\"><img aria-describedby=\"caption-attachment-50\" loading=\"lazy\" class=\"size-thumbnail wp-image-50 \" title=\"DSC_2574\" src=\"http:\/\/www.pauloteixeira.net\/wordpress\/wp-content\/uploads\/2011\/03\/DSC_2574-150x150.jpg\" alt=\"\" width=\"150\" height=\"150\" \/><\/a><p id=\"caption-attachment-50\" class=\"wp-caption-text\"> <\/p><\/div>\n<p><strong><em>Ter um filho, plantar uma \u00e1rvore e escrever um livro<\/em><\/strong><\/p>\n<p>A comunidade paroquial de S\u00e3o Gon\u00e7alo e S\u00e3o Ver\u00edssimo quis neste ano de 2011 aproveitar o dia do Pai muito pr\u00f3ximo do dia da \u00c1rvore e construir a trilogia: \u201cter um filho, plantar uma \u00e1rvore e escrever um livro\u201d.<\/p>\n<p>Por esse motivo, fizeram coincidir a Festa do Pai-Nosso do segundo ano da Catequese com o dia 19 de Mar\u00e7o, com uma bonita cerim\u00f3nia realizada no final da tarde de S\u00e1bado, no Mosteiro de S\u00e3o Gon\u00e7alo. No final da mesma, foi apresentado o livro \u201cde pais para filhos\u201d, constitu\u00eddo por mais de 200 testemunhos escritos dos pais e os desenhos das crian\u00e7as.<\/p>\n<p>Tal como o Padre Jos\u00e9 Manuel Miranda Ferreira aponta no livro, foi pedido \u00e0s fam\u00edlias que \u201c<em>partilhassem a viv\u00eancia de se saberem recebidos pelo dom da vida dos pais nos filhos e dos filhos nos pais e o pusessem em papel o que o Esp\u00edrito vai escrevendo nos seus cora\u00e7\u00f5es<\/em>\u201d.<\/p>\n<p>No dia seguinte, Domingo, foi o dia prop\u00edcio de \u201c<em>deitar ra\u00edzes, de dar fruto e de lan\u00e7ar as sementes<\/em>\u201d. Ao in\u00edcio da tarde, em terreno camar\u00e1rio junto \u00e0 Escola EB de Tel\u00f5es, um a um, os pais puderem plantar uma \u00e1rvore, completando assim a trilogia citada.<\/p>\n<p>Esta foi a maneira encontrada pelas Par\u00f3quias de S\u00e3o Gon\u00e7alo e S\u00e3o Ver\u00edssimo e seus grupos de catequese, com a preciosa colabora\u00e7\u00e3o e aux\u00edlio do Corpo Nacional de Escutas \u2013 Agrupamento 448 de Amarante, para comemorar estas datas t\u00e3o simb\u00f3licas e importantes para nos estimular e encher de alegria face \u00e0s imensas contrariedades da vida quotidiana.<\/p>\n<p>Assim reza o pref\u00e1cio: \u201c<em>Abramos o nosso cora\u00e7\u00e3o \u00e0 Primavera definitiva, \u00e0 Primavera da Vida a despontar e a come\u00e7ar sempre de novo, deixemo-nos renovar, deixemo-nos envolver pela \u00e1gua que nos vem da fonte da vida. Plantemos a nossa vida perto da torrente, como quem constr\u00f3i a sua habita\u00e7\u00e3o sobre a rocha<\/em>.\u201d<\/p>\n<p>&nbsp;<\/p>\n","protected":false},"excerpt":{"rendered":"<p>Ter um filho, plantar uma \u00e1rvore e escrever um livro A comunidade paroquial de S\u00e3o Gon\u00e7alo e S\u00e3o Ver\u00edssimo quis neste ano de 2011 aproveitar o dia do Pai muito pr\u00f3ximo do dia da \u00c1rvore e construir a trilogia: \u201cter um filho, plantar uma \u00e1rvore e escrever um livro\u201d. Por esse motivo, fizeram coincidir a [&hellip;]<\/p>\n","protected":false},"author":1,"featured_media":0,"comment_status":"open","ping_status":"open","sticky":false,"template":"","format":"standard","meta":[],"categories":[26],"tags":[],"_links":{"self":[{"href":"http:\/\/www.pauloteixeira.net\/wordpress\/wp-json\/wp\/v2\/posts\/42"}],"collection":[{"href":"http:\/\/www.pauloteixeira.net\/wordpress\/wp-json\/wp\/v2\/posts"}],"about":[{"href":"http:\/\/www.pauloteixeira.net\/wordpress\/wp-json\/wp\/v2\/types\/post"}],"author":[{"embeddable":true,"href":"http:\/\/www.pauloteixeira.net\/wordpress\/wp-json\/wp\/v2\/users\/1"}],"replies":[{"embeddable":true,"href":"http:\/\/www.pauloteixeira.net\/wordpress\/wp-json\/wp\/v2\/comments?post=42"}],"version-history":[{"count":12,"href":"http:\/\/www.pauloteixeira.net\/wordpress\/wp-json\/wp\/v2\/posts\/42\/revisions"}],"predecessor-version":[{"id":187,"href":"http:\/\/www.pauloteixeira.net\/wordpress\/wp-json\/wp\/v2\/posts\/42\/revisions\/187"}],"wp:attachment":[{"href":"http:\/\/www.pauloteixeira.net\/wordpress\/wp-json\/wp\/v2\/media?parent=42"}],"wp:term":[{"taxonomy":"category","embeddable":true,"href":"http:\/\/www.pauloteixeira.net\/wordpress\/wp-json\/wp\/v2\/categories?post=42"},{"taxonomy":"post_tag","embeddable":true,"href":"http:\/\/www.pauloteixeira.net\/wordpress\/wp-json\/wp\/v2\/tags?post=42"}],"curies":[{"name":"wp","href":"https:\/\/api.w.org\/{rel}","templated":true}]}}