{"id":411,"date":"2012-03-24T00:48:29","date_gmt":"2012-03-24T00:48:29","guid":{"rendered":"http:\/\/www.pauloteixeira.net\/wordpress\/?p=411"},"modified":"2012-03-24T00:53:28","modified_gmt":"2012-03-24T00:53:28","slug":"texteis-lar-s-jose-actualizacao","status":"publish","type":"post","link":"http:\/\/www.pauloteixeira.net\/wordpress\/2012\/03\/24\/texteis-lar-s-jose-actualizacao\/","title":{"rendered":"T\u00eaxteis Lar S. Jos\u00e9 &#8211; Actualiza\u00e7\u00e3o"},"content":{"rendered":"<div class=\"mceTemp\">\n<dl id=\"attachment_412\" class=\"wp-caption alignleft\" style=\"width: 160px;\">\n<dt class=\"wp-caption-dt\"><a href=\"http:\/\/www.pauloteixeira.net\/wordpress\/wp-content\/uploads\/2012\/03\/Untitled-2.jpg\"><img loading=\"lazy\" class=\"size-thumbnail wp-image-412\" title=\" \" src=\"http:\/\/www.pauloteixeira.net\/wordpress\/wp-content\/uploads\/2012\/03\/Untitled-2-150x150.jpg\" alt=\" \" width=\"150\" height=\"150\" srcset=\"http:\/\/www.pauloteixeira.net\/wordpress\/wp-content\/uploads\/2012\/03\/Untitled-2-150x150.jpg 150w, http:\/\/www.pauloteixeira.net\/wordpress\/wp-content\/uploads\/2012\/03\/Untitled-2-300x300.jpg 300w, http:\/\/www.pauloteixeira.net\/wordpress\/wp-content\/uploads\/2012\/03\/Untitled-2.jpg 800w\" sizes=\"(max-width: 150px) 100vw, 150px\" \/><\/a><\/dt>\n<dd class=\"wp-caption-dd\"><\/dd>\n<\/dl>\n<\/div>\n<p>Est\u00e1 actualizado o site e dispon\u00edvel on-line o Cat\u00e1logo de 2012 da &#8220;<a title=\"Sie Oficial\" href=\"http:\/\/www.sjose.com.pt\" target=\"_blank\">T\u00eaxteis Lar S. Jos\u00e9<\/a>&#8220;, marca da empresa Susana Leite de Cunha &amp; Filha, Lda., com sede em Figueir\u00f3 (Santiago) \/ Amarante. Fundada em 1986, \u00e9 de cariz familiar e tem mostrado desde sempre um enorme dinamismo, estando consolidada no mercado. Confecciona roupa de cama, jogos de banho, robes, capas de edred\u00e3o, atoalhados e outros t\u00eaxteis. Produz para todo o mercado nacional e algum no estrangeiro. Desde 2001 que fa\u00e7o\u00a0 e actualizo o <a title=\"Site Oficial\" href=\"http:\/\/www.sjose.com.pt\" target=\"_blank\">site<\/a>, encontrando-se dispon\u00edveis para consulta todos os cat\u00e1logos desde ent\u00e3o.<\/p>\n","protected":false},"excerpt":{"rendered":"<p>Est\u00e1 actualizado o site e dispon\u00edvel on-line o Cat\u00e1logo de 2012 da &#8220;T\u00eaxteis Lar S. Jos\u00e9&#8220;, marca da empresa Susana Leite de Cunha &amp; Filha, Lda., com sede em Figueir\u00f3 (Santiago) \/ Amarante. Fundada em 1986, \u00e9 de cariz familiar e tem mostrado desde sempre um enorme dinamismo, estando consolidada no mercado. Confecciona roupa de [&hellip;]<\/p>\n","protected":false},"author":1,"featured_media":0,"comment_status":"open","ping_status":"closed","sticky":false,"template":"","format":"standard","meta":[],"categories":[6],"tags":[],"_links":{"self":[{"href":"http:\/\/www.pauloteixeira.net\/wordpress\/wp-json\/wp\/v2\/posts\/411"}],"collection":[{"href":"http:\/\/www.pauloteixeira.net\/wordpress\/wp-json\/wp\/v2\/posts"}],"about":[{"href":"http:\/\/www.pauloteixeira.net\/wordpress\/wp-json\/wp\/v2\/types\/post"}],"author":[{"embeddable":true,"href":"http:\/\/www.pauloteixeira.net\/wordpress\/wp-json\/wp\/v2\/users\/1"}],"replies":[{"embeddable":true,"href":"http:\/\/www.pauloteixeira.net\/wordpress\/wp-json\/wp\/v2\/comments?post=411"}],"version-history":[{"count":5,"href":"http:\/\/www.pauloteixeira.net\/wordpress\/wp-json\/wp\/v2\/posts\/411\/revisions"}],"predecessor-version":[{"id":417,"href":"http:\/\/www.pauloteixeira.net\/wordpress\/wp-json\/wp\/v2\/posts\/411\/revisions\/417"}],"wp:attachment":[{"href":"http:\/\/www.pauloteixeira.net\/wordpress\/wp-json\/wp\/v2\/media?parent=411"}],"wp:term":[{"taxonomy":"category","embeddable":true,"href":"http:\/\/www.pauloteixeira.net\/wordpress\/wp-json\/wp\/v2\/categories?post=411"},{"taxonomy":"post_tag","embeddable":true,"href":"http:\/\/www.pauloteixeira.net\/wordpress\/wp-json\/wp\/v2\/tags?post=411"}],"curies":[{"name":"wp","href":"https:\/\/api.w.org\/{rel}","templated":true}]}}