{"id":268,"date":"2011-06-27T13:37:00","date_gmt":"2011-06-27T13:37:00","guid":{"rendered":"http:\/\/www.pauloteixeira.net\/wordpress\/?p=268"},"modified":"2011-06-29T10:10:31","modified_gmt":"2011-06-29T10:10:31","slug":"escolas-encerram-ano-lectivo-com-actuacoes-e-festas-convivio","status":"publish","type":"post","link":"http:\/\/www.pauloteixeira.net\/wordpress\/2011\/06\/27\/escolas-encerram-ano-lectivo-com-actuacoes-e-festas-convivio\/","title":{"rendered":"Escolas encerram ano lectivo"},"content":{"rendered":"<p><em> <\/em><\/p>\n<p><em> <\/em><\/p>\n<p><em> <\/em><\/p>\n<p><em> <\/em><\/p>\n<p><em> <\/em><\/p>\n<p><em> <\/em><\/p>\n<p><em> <\/em><\/p>\n<p><em> <\/em><\/p>\n<p><em> <\/em><\/p>\n<p><em> <\/em><\/p>\n<p><em> <\/em><\/p>\n<p><em> <\/em><\/p>\n<p><em> <\/em><\/p>\n<p><em> <\/em><\/p>\n<p><em><\/p>\n<div class=\"mceTemp\">\n<dl id=\"attachment_280\" class=\"wp-caption alignleft\" style=\"width: 310px;\">\n<dt class=\"wp-caption-dt\"><a href=\"http:\/\/www.pauloteixeira.net\/wordpress\/wp-content\/uploads\/2011\/06\/DSC_9633.jpg\"><img loading=\"lazy\" class=\"size-medium wp-image-280\" src=\"http:\/\/www.pauloteixeira.net\/wordpress\/wp-content\/uploads\/2011\/06\/DSC_9633-300x200.jpg\" alt=\"\" width=\"300\" height=\"200\" srcset=\"http:\/\/www.pauloteixeira.net\/wordpress\/wp-content\/uploads\/2011\/06\/DSC_9633-300x200.jpg 300w, http:\/\/www.pauloteixeira.net\/wordpress\/wp-content\/uploads\/2011\/06\/DSC_9633-1024x685.jpg 1024w, http:\/\/www.pauloteixeira.net\/wordpress\/wp-content\/uploads\/2011\/06\/DSC_9633.jpg 1772w\" sizes=\"(max-width: 300px) 100vw, 300px\" \/><\/a><\/dt>\n<\/dl>\n<\/div>\n<p><\/em><\/p>\n<p><em> <\/em><\/p>\n<p><em> <\/em><\/p>\n<p><em>EB 1\/JI do Barrac\u00e3o <\/em><\/p>\n<p>Na passada quarta-feira\u00a0 e, \u00e0 semelhan\u00e7a do que \u00e9 habitual, a Escola do Barrac\u00e3o promoveu a festa de final de ano, com pequenas actua\u00e7\u00f5es teatrais e musicais das v\u00e1rias salas, culminando com a sempre emocionante entrega de diplomas aos finalistas. Ap\u00f3s um jantar de confraterniza\u00e7\u00e3o com professores, alunos e familiares, a festa terminou noite dentro com um desfile de marchas populares, com m\u00fasica e coreografia a cargo dos professores de m\u00fasica e desporto das AEC\u2019s.<\/p>\n<p style=\"text-align: right;\"><strong>| <a title=\"Festa de Final de Ano  - Escola do Barrac\u00e3o\" href=\"http:\/\/www.pauloteixeira.net\/portfolio\/#\/content\/Espectaculos%20e%20Eventos\/Eventos%20Escolares\/Escola%20do%20Barracao\/2011-06-22%20-%20Festa%20de%20Final%20de%20Ano\/\" target=\"_blank\">Fotos<\/a> |<\/strong><\/p>\n<p style=\"text-align: right;\"><strong><br \/>\n<\/strong><\/p>\n<p><em> <\/em><\/p>\n<p><em> <\/em><\/p>\n<p><em> <\/em><\/p>\n<p><em><\/p>\n<div class=\"mceTemp\">\n<dl id=\"attachment_269\" class=\"wp-caption alignleft\" style=\"width: 310px;\">\n<dt class=\"wp-caption-dt\"><a href=\"http:\/\/www.pauloteixeira.net\/wordpress\/wp-content\/uploads\/2011\/06\/DSC_0505.jpg\"><img loading=\"lazy\" class=\"size-medium wp-image-269\" src=\"http:\/\/www.pauloteixeira.net\/wordpress\/wp-content\/uploads\/2011\/06\/DSC_0505-300x200.jpg\" alt=\"\" width=\"300\" height=\"200\" srcset=\"http:\/\/www.pauloteixeira.net\/wordpress\/wp-content\/uploads\/2011\/06\/DSC_0505-300x200.jpg 300w, http:\/\/www.pauloteixeira.net\/wordpress\/wp-content\/uploads\/2011\/06\/DSC_0505-1024x685.jpg 1024w, http:\/\/www.pauloteixeira.net\/wordpress\/wp-content\/uploads\/2011\/06\/DSC_0505.jpg 1772w\" sizes=\"(max-width: 300px) 100vw, 300px\" \/><\/a><\/dt>\n<\/dl>\n<\/div>\n<p><\/em><\/p>\n<p><em> <\/em><\/p>\n<p><em> <\/em><\/p>\n<p><em> <\/em><\/p>\n<p><em>Infant\u00e1rio-Creche O Mi\u00fado<\/em><\/p>\n<p><em> <\/em>S\u00e1bado, foi o dia escolhido por esta institui\u00e7\u00e3o de refer\u00eancia na cidade para promover a sua tradicional festa de final de ano. As instala\u00e7\u00f5es principais d\u2019O Mi\u00fado albergaram no seu jardim todos os pais, encarregados de educa\u00e7\u00e3o e familiares que assistiram \u00e0s actua\u00e7\u00f5es das salas do infant\u00e1rio e creche. Este ano, o tema foi \u201cPortugal: ontem, hoje e amanh\u00e3\u201d e tanto as coreografias como as indument\u00e1rias foram meticulosamente preparadas, com destaque para os Pauliteiros de Miranda, os Nazarenos, os Soldadinhos de Chumbo, os Sambistas, Desfile de Moda e um Medley de cantores da m\u00fasica portuguesa que encantaram e assist\u00eancia. Naturalmente, o ponto alto foi a entrega dos diplomas aos finalistas \u2013 que o eram mesmo, trajados \u00e0 universit\u00e1rios &#8211; que no final tiveram direito, assim como os familiares, a um jantar-conv\u00edvio.<\/p>\n<p style=\"text-align: right;\"><strong>| <a title=\"Festa de Final de Ano - Infantario O Miudo\" href=\"http:\/\/www.pauloteixeira.net\/portfolio\/#\/content\/Espectaculos%20e%20Eventos\/Eventos%20Escolares\/Infantario%20O%20Miudo\/2011-06-25%20-%20Festa%20de%20Final%20de%20Ano\/\" target=\"_blank\">Fotos<\/a> |<br \/>\n<\/strong><\/p>\n","protected":false},"excerpt":{"rendered":"<p>EB 1\/JI do Barrac\u00e3o Na passada quarta-feira\u00a0 e, \u00e0 semelhan\u00e7a do que \u00e9 habitual, a Escola do Barrac\u00e3o promoveu a festa de final de ano, com pequenas actua\u00e7\u00f5es teatrais e musicais das v\u00e1rias salas, culminando com a sempre emocionante entrega de diplomas aos finalistas. Ap\u00f3s um jantar de confraterniza\u00e7\u00e3o com professores, alunos e familiares, a [&hellip;]<\/p>\n","protected":false},"author":1,"featured_media":269,"comment_status":"closed","ping_status":"closed","sticky":false,"template":"","format":"standard","meta":[],"categories":[9],"tags":[],"_links":{"self":[{"href":"http:\/\/www.pauloteixeira.net\/wordpress\/wp-json\/wp\/v2\/posts\/268"}],"collection":[{"href":"http:\/\/www.pauloteixeira.net\/wordpress\/wp-json\/wp\/v2\/posts"}],"about":[{"href":"http:\/\/www.pauloteixeira.net\/wordpress\/wp-json\/wp\/v2\/types\/post"}],"author":[{"embeddable":true,"href":"http:\/\/www.pauloteixeira.net\/wordpress\/wp-json\/wp\/v2\/users\/1"}],"replies":[{"embeddable":true,"href":"http:\/\/www.pauloteixeira.net\/wordpress\/wp-json\/wp\/v2\/comments?post=268"}],"version-history":[{"count":13,"href":"http:\/\/www.pauloteixeira.net\/wordpress\/wp-json\/wp\/v2\/posts\/268\/revisions"}],"predecessor-version":[{"id":284,"href":"http:\/\/www.pauloteixeira.net\/wordpress\/wp-json\/wp\/v2\/posts\/268\/revisions\/284"}],"wp:featuredmedia":[{"embeddable":true,"href":"http:\/\/www.pauloteixeira.net\/wordpress\/wp-json\/wp\/v2\/media\/269"}],"wp:attachment":[{"href":"http:\/\/www.pauloteixeira.net\/wordpress\/wp-json\/wp\/v2\/media?parent=268"}],"wp:term":[{"taxonomy":"category","embeddable":true,"href":"http:\/\/www.pauloteixeira.net\/wordpress\/wp-json\/wp\/v2\/categories?post=268"},{"taxonomy":"post_tag","embeddable":true,"href":"http:\/\/www.pauloteixeira.net\/wordpress\/wp-json\/wp\/v2\/tags?post=268"}],"curies":[{"name":"wp","href":"https:\/\/api.w.org\/{rel}","templated":true}]}}