{"id":247,"date":"2011-06-14T13:43:45","date_gmt":"2011-06-14T13:43:45","guid":{"rendered":"http:\/\/www.pauloteixeira.net\/wordpress\/?p=247"},"modified":"2011-06-14T14:04:17","modified_gmt":"2011-06-14T14:04:17","slug":"exposicao-de-arvores-ecologicas-material-reciclado","status":"publish","type":"post","link":"http:\/\/www.pauloteixeira.net\/wordpress\/2011\/06\/14\/exposicao-de-arvores-ecologicas-material-reciclado\/","title":{"rendered":"Exposi\u00e7\u00e3o de \u00c1rvores Ecol\u00f3gicas (Material Reciclado)"},"content":{"rendered":"<div id=\"attachment_250\" style=\"width: 310px\" class=\"wp-caption alignleft\"><a href=\"http:\/\/www.pauloteixeira.net\/wordpress\/wp-content\/uploads\/2011\/06\/DSC_7858.jpg\"><img aria-describedby=\"caption-attachment-250\" loading=\"lazy\" class=\"size-medium wp-image-250\" src=\"http:\/\/www.pauloteixeira.net\/wordpress\/wp-content\/uploads\/2011\/06\/DSC_7858-300x200.jpg\" alt=\"\" width=\"300\" height=\"200\" srcset=\"http:\/\/www.pauloteixeira.net\/wordpress\/wp-content\/uploads\/2011\/06\/DSC_7858-300x200.jpg 300w, http:\/\/www.pauloteixeira.net\/wordpress\/wp-content\/uploads\/2011\/06\/DSC_7858-1024x685.jpg 1024w, http:\/\/www.pauloteixeira.net\/wordpress\/wp-content\/uploads\/2011\/06\/DSC_7858.jpg 1772w\" sizes=\"(max-width: 300px) 100vw, 300px\" \/><\/a><p id=\"caption-attachment-250\" class=\"wp-caption-text\"> <\/p><\/div>\n<p>Terminou na passada segunda-feira uma exposi\u00e7\u00e3o de \u00e1rvores ecol\u00f3gicas efectuadas com material recicl\u00e1vel que se encontrava desde o passado dia 3 de Junho no relvado em frente ao Solar dos Magalh\u00e3es, no Largo de Santa Luzia \/ Amarante. Esta iniciativa da C\u00e2mara Municipal foi elaborada pelos Agrupamentos de Escolas de Amarante e Clubes da Protec\u00e7\u00e3o Civil, pelo que se pode assistir \u00e0 criatividade de institui\u00e7\u00f5es como a EB 2,3 de Amarante, EB 1\/JI de Amarante, CERCI, Infant\u00e1rio-Creche O Mi\u00fado, ADESCO e EB do Mar\u00e3o, entre outras.<\/p>\n<p>Coincidindo com o fim-de-semana do Junho e encontrando-se durante mais de uma semana num local central e emblem\u00e1tico da cidade, esta iniciativa pautou-se pelo sucesso e n\u00e3o deixou indiferente quem por l\u00e1 passou e ficou admirada com a variedade de situa\u00e7\u00f5es (re)criadas com os mais diversos materiais.<\/p>\n<p style=\"text-align: right;\">| <a title=\"Clique para ver Galeria desta Iniciativa\" href=\"http:\/\/www.pauloteixeira.net\/portfolio\/#\/content\/Espectaculos%20e%20Eventos\/Eventos%20Escolares\/2011-06-02%20-%20Arvores%20Ecologicas\/\" target=\"_blank\">Fotos<\/a> |<\/p>\n","protected":false},"excerpt":{"rendered":"<p>Terminou na passada segunda-feira uma exposi\u00e7\u00e3o de \u00e1rvores ecol\u00f3gicas efectuadas com material recicl\u00e1vel que se encontrava desde o passado dia 3 de Junho no relvado em frente ao Solar dos Magalh\u00e3es, no Largo de Santa Luzia \/ Amarante. Esta iniciativa da C\u00e2mara Municipal foi elaborada pelos Agrupamentos de Escolas de Amarante e Clubes da Protec\u00e7\u00e3o [&hellip;]<\/p>\n","protected":false},"author":1,"featured_media":0,"comment_status":"closed","ping_status":"closed","sticky":false,"template":"","format":"standard","meta":[],"categories":[9],"tags":[],"_links":{"self":[{"href":"http:\/\/www.pauloteixeira.net\/wordpress\/wp-json\/wp\/v2\/posts\/247"}],"collection":[{"href":"http:\/\/www.pauloteixeira.net\/wordpress\/wp-json\/wp\/v2\/posts"}],"about":[{"href":"http:\/\/www.pauloteixeira.net\/wordpress\/wp-json\/wp\/v2\/types\/post"}],"author":[{"embeddable":true,"href":"http:\/\/www.pauloteixeira.net\/wordpress\/wp-json\/wp\/v2\/users\/1"}],"replies":[{"embeddable":true,"href":"http:\/\/www.pauloteixeira.net\/wordpress\/wp-json\/wp\/v2\/comments?post=247"}],"version-history":[{"count":5,"href":"http:\/\/www.pauloteixeira.net\/wordpress\/wp-json\/wp\/v2\/posts\/247\/revisions"}],"predecessor-version":[{"id":251,"href":"http:\/\/www.pauloteixeira.net\/wordpress\/wp-json\/wp\/v2\/posts\/247\/revisions\/251"}],"wp:attachment":[{"href":"http:\/\/www.pauloteixeira.net\/wordpress\/wp-json\/wp\/v2\/media?parent=247"}],"wp:term":[{"taxonomy":"category","embeddable":true,"href":"http:\/\/www.pauloteixeira.net\/wordpress\/wp-json\/wp\/v2\/categories?post=247"},{"taxonomy":"post_tag","embeddable":true,"href":"http:\/\/www.pauloteixeira.net\/wordpress\/wp-json\/wp\/v2\/tags?post=247"}],"curies":[{"name":"wp","href":"https:\/\/api.w.org\/{rel}","templated":true}]}}