{"id":207,"date":"2011-05-31T00:00:58","date_gmt":"2011-05-31T00:00:58","guid":{"rendered":"http:\/\/www.pauloteixeira.net\/wordpress\/?p=207"},"modified":"2011-06-06T22:21:19","modified_gmt":"2011-06-06T22:21:19","slug":"sofrer-ate-ao-ultimo-minuto","status":"publish","type":"post","link":"http:\/\/www.pauloteixeira.net\/wordpress\/2011\/05\/31\/sofrer-ate-ao-ultimo-minuto\/","title":{"rendered":"Sofrer at\u00e9 ao \u00faltimo minuto"},"content":{"rendered":"<div id=\"attachment_211\" style=\"width: 310px\" class=\"wp-caption alignleft\"><a href=\"http:\/\/www.pauloteixeira.net\/portfolio\/#\/content\/Desporto%20e%20Accao\/Amarante%20Futebol%20Clube\/2011-05-29%20-%20AFC%20Campeao%20III%20Divisao%20-%20Serie%20B\/\" target=\"_blank\"><img aria-describedby=\"caption-attachment-211\" loading=\"lazy\" class=\"size-medium wp-image-211     \" src=\"http:\/\/www.pauloteixeira.net\/wordpress\/wp-content\/uploads\/2011\/05\/DSC_7052-300x139.jpg\" alt=\"\" width=\"300\" height=\"139\" srcset=\"http:\/\/www.pauloteixeira.net\/wordpress\/wp-content\/uploads\/2011\/05\/DSC_7052-300x139.jpg 300w, http:\/\/www.pauloteixeira.net\/wordpress\/wp-content\/uploads\/2011\/05\/DSC_7052-1024x476.jpg 1024w, http:\/\/www.pauloteixeira.net\/wordpress\/wp-content\/uploads\/2011\/05\/DSC_7052.jpg 1417w\" sizes=\"(max-width: 300px) 100vw, 300px\" \/><\/a><p id=\"caption-attachment-211\" class=\"wp-caption-text\"> <\/p><\/div>\n<p><strong><em>AFC \u00e9 campe\u00e3o da S\u00e9rie B da III Divis\u00e3o<\/em><\/strong><\/p>\n<p>Porque motivo o futebol desperta tantas paix\u00f5es? Porque motivo as adversidades do quotidiano s\u00e3o esquecidas quando nos sentamos numa arena \u00e0 volta de um rect\u00e2ngulo relvado para assistir a 22 homens a degladiar-se por uma bola?<\/p>\n<p>&nbsp;<\/p>\n<p>Quem assistiu ao encontro do passado Domingo, dia 29 de Maio, entre a equipa principal da cidade, Amarante Futebol Clube e o Joane, ficou a perceber o porqu\u00ea. O Est\u00e1dio Municipal foi palco n\u00e3o s\u00f3 de um jogo de futebol decisivo para a subida da equipa a um escal\u00e3o superior, mas sobretudo de festa, antes, durante e ap\u00f3s o jogo.<\/p>\n<p>As entradas eram gratuitas para as senhoras e crian\u00e7as\/adolescentes at\u00e9 aos 16 anos, por isso, apenas podemos estimar, mas com algum grau de fiabilidade, que estiveram cerca de 4.000 pessoas. Com a bancada principal completamente cheia, com pessoas de p\u00e9 ou nas escadas, acrescentou-se uma bancada superior muito bem composta, isto apesar do tempo chuvoso.<\/p>\n<p>A festa come\u00e7ou bem cedo com um arruado pela cidade de bombos e gigantones trajados com o equipamento alvinegro. Depois, entraram no est\u00e1dio minutos antes do encontro. Com eles, os \u201cGon\u00e7alinhos\u201d, escal\u00e3o de pr\u00e9-competi\u00e7\u00e3o do AFC, trazendo um enorme toldo com motivos do clube e da cidade; e ainda um grupo do \u201cPrograma Escolhas \u2013 Projecto de Percursos Integrados\u201d munidos de bal\u00f5es coloridos. Perfilaram-se todos para a bancada central e no momento da subida das equipas ao relvado, os bal\u00f5es foram lan\u00e7ados. Para animar ainda mais o ambiente, todos os jogadores das equipas de forma\u00e7\u00e3o estavam equipados a rigor.<\/p>\n<p>Relativamente ao jogo, esse, revestia-se de car\u00e1cter decisivo, encontrando-se o Amarante Futebol Clube a necessitar de um ponto para garantir um dos 2 lugares que davam acesso \u00e0 subida \u00e0 II Divis\u00e3o. E o jogo come\u00e7ou de forma serena, inclusivamente com um remate de algum perigo por parte dos amarantinos. Mas, no minuto 23, o est\u00e1dio gelou quando Pedro Carneiro travou um perigoso contra-ataque advers\u00e1rio, tendo sido expulso por a falta ter sido cometida quando o jogador ia isolar-se e ficar no enfiamento da baliza.<\/p>\n<p>Apelou-se ao esp\u00edrito de sacrif\u00edcio dos jogadores, que n\u00e3o regatearam esfor\u00e7os, e o jogo tornou-se sobretudo numa batalha a meio campo com alguma virilidade \u00e0 mistura. Nas bancadas, os incentivos dos atletas juvenis com eco na bancada contr\u00e1ria por parte da claque amarantina n\u00e3o deixavam o esp\u00edrito esmorecer.<\/p>\n<p>Mas, na verdade, com o conhecimento de que o jogo das equipas concorrentes \u00e0 subida n\u00e3o dava margem de manobra para erros e um golo sofrido poderia ser fatal, os nervos come\u00e7aram a sentir-se. E um remate perdul\u00e1rio de Tiago Silva por cima da trave seguido de ou outro calafrio junto \u00e0 \u00e1rea amarantina serviram para aumentar a ansiedade.<\/p>\n<p>Os 5 minutos de desconto foram arrepiantes com algumas bandeiras desfraldadas e a assist\u00eancia a cantar: \u201cCampe\u00f5es, campe\u00f5es, n\u00f3s somos campe\u00f5es\u2026\u201d. Mas o cen\u00e1rio de subida, mais a mais como campe\u00e3 da S\u00e9rie,\u00a0 poderia num minuto transformar-se num ingrato terceiro lugar. Por isso foi um momento de explos\u00e3o quando o apito final soou e os intervenientes no jogo e as pessoas na bancada se abra\u00e7avam efusivamente.<\/p>\n<p>A invas\u00e3o de campo foi inevit\u00e1vel. E os jogadores mantiveram-se no mesmo, junto daqueles que os apoiaram nesta longa caminhada. Na hora da descompress\u00e3o, a festa fez-se no relvado com familiares e adeptos, em privado no balne\u00e1rio, j\u00e1 de noite numa volta pela cidade de autocarro, num retemperar de for\u00e7as num jantar em grupo e por fim, noite dentro de novo junto dos amigos.<\/p>\n<p><strong><em>Reelei\u00e7\u00e3o<\/em><\/strong><\/p>\n<p>E porque o dia seguinte foi dia de trabalho, teve lugar na passada segunda-feira a Assembleia Geral para elei\u00e7\u00e3o dos Corpos Sociais do AFC para o mandato dos pr\u00f3ximos 2 anos. N\u00e3o foi uma Assembleia Geral muito concorrida e candidatou-se apenas uma lista que, com uma ou outra altera\u00e7\u00e3o de pormenor, manteve praticamente o elenco dos corpos sociais anteriores. Assim, na estrutura do clube mantiveram-se os Presidentes: da Assembleia Geral, Sr. Jo\u00e3o Pedro Soares Pinheiro; da Direc\u00e7\u00e3o, Prof. Eduardo Jorge Medeiros Pinto; e do Conselho Fiscal, Eng\u00ba. Jos\u00e9 Francisco da Silva Fonseca. Foi agendada para o pr\u00f3ximo dia 8 de Julho, pelas 21 horas, a tomada de posse dos \u00f3rg\u00e3os eleitos.<\/p>\n<p style=\"text-align: right;\">| <a title=\"AFC Campe\u00e3o 2010\/11 - III Divis\u00e3o, S\u00e9rie B\" href=\"http:\/\/www.pauloteixeira.net\/portfolio\/#\/content\/Desporto%20e%20Accao\/Amarante%20Futebol%20Clube\/2011-05-29%20-%20AFC%20Campeao%20III%20Divisao%20-%20Serie%20B\/\" target=\"_blank\">VER GALERIA DE FOTOS COMPLETA<\/a> |<\/p>\n","protected":false},"excerpt":{"rendered":"<p>AFC \u00e9 campe\u00e3o da S\u00e9rie B da III Divis\u00e3o Porque motivo o futebol desperta tantas paix\u00f5es? Porque motivo as adversidades do quotidiano s\u00e3o esquecidas quando nos sentamos numa arena \u00e0 volta de um rect\u00e2ngulo relvado para assistir a 22 homens a degladiar-se por uma bola? &nbsp; Quem assistiu ao encontro do passado Domingo, dia 29 [&hellip;]<\/p>\n","protected":false},"author":1,"featured_media":0,"comment_status":"closed","ping_status":"closed","sticky":false,"template":"","format":"standard","meta":[],"categories":[8],"tags":[],"_links":{"self":[{"href":"http:\/\/www.pauloteixeira.net\/wordpress\/wp-json\/wp\/v2\/posts\/207"}],"collection":[{"href":"http:\/\/www.pauloteixeira.net\/wordpress\/wp-json\/wp\/v2\/posts"}],"about":[{"href":"http:\/\/www.pauloteixeira.net\/wordpress\/wp-json\/wp\/v2\/types\/post"}],"author":[{"embeddable":true,"href":"http:\/\/www.pauloteixeira.net\/wordpress\/wp-json\/wp\/v2\/users\/1"}],"replies":[{"embeddable":true,"href":"http:\/\/www.pauloteixeira.net\/wordpress\/wp-json\/wp\/v2\/comments?post=207"}],"version-history":[{"count":10,"href":"http:\/\/www.pauloteixeira.net\/wordpress\/wp-json\/wp\/v2\/posts\/207\/revisions"}],"predecessor-version":[{"id":209,"href":"http:\/\/www.pauloteixeira.net\/wordpress\/wp-json\/wp\/v2\/posts\/207\/revisions\/209"}],"wp:attachment":[{"href":"http:\/\/www.pauloteixeira.net\/wordpress\/wp-json\/wp\/v2\/media?parent=207"}],"wp:term":[{"taxonomy":"category","embeddable":true,"href":"http:\/\/www.pauloteixeira.net\/wordpress\/wp-json\/wp\/v2\/categories?post=207"},{"taxonomy":"post_tag","embeddable":true,"href":"http:\/\/www.pauloteixeira.net\/wordpress\/wp-json\/wp\/v2\/tags?post=207"}],"curies":[{"name":"wp","href":"https:\/\/api.w.org\/{rel}","templated":true}]}}