{"id":201,"date":"2011-05-18T14:33:05","date_gmt":"2011-05-18T14:33:05","guid":{"rendered":"http:\/\/www.pauloteixeira.net\/wordpress\/?p=201"},"modified":"2011-05-19T14:39:50","modified_gmt":"2011-05-19T14:39:50","slug":"a-jamila-vai-a-escola","status":"publish","type":"post","link":"http:\/\/www.pauloteixeira.net\/wordpress\/2011\/05\/18\/a-jamila-vai-a-escola\/","title":{"rendered":"A Jamila vai \u00e0 Escola"},"content":{"rendered":"<div id=\"attachment_202\" style=\"width: 160px\" class=\"wp-caption alignleft\"><a href=\"http:\/\/www.pauloteixeira.net\/wordpress\/wp-content\/uploads\/2011\/05\/DSC_6019.jpg\"><img aria-describedby=\"caption-attachment-202\" loading=\"lazy\" class=\"size-thumbnail wp-image-202\" src=\"http:\/\/www.pauloteixeira.net\/wordpress\/wp-content\/uploads\/2011\/05\/DSC_6019-150x150.jpg\" alt=\"\" width=\"150\" height=\"150\" \/><\/a><p id=\"caption-attachment-202\" class=\"wp-caption-text\"> <\/p><\/div>\n<p><strong>IPSS\u2019s de Amarante re\u00fanem-se para promover o seu trabalho e as suas \u00e1reas de interven\u00e7\u00e3o<\/strong><\/p>\n<p>No passado dia 18 de Maio de 2011, v\u00e1rias entidades que no concelho prestam apoio \u00e0 popula\u00e7\u00e3o S\u00e9nior nomeadamente, ADESCO, Bem-Estar, CLAP, Centro Social de Real, Centro Social de Jazente, Associa\u00e7\u00e3o Humanit\u00e1ria de Figueir\u00f3 Santiago, Associa\u00e7\u00e3o Progredir e Patronato de Tel\u00f5es, levaram a cabo actividade denominada \u201cConhecer Amarante\u201d, na Alameda Teixeira de Pascoaes. Esta actividade teve como objectivo promover o trabalho realizado por estas institui\u00e7\u00f5es, as freguesias onde interv\u00eam, promover o conv\u00edvio inter-institucional e proporcionar aos nossos clientes uma manh\u00e3 diferente e de salutar conv\u00edvio.<\/p>\n<p>A iniciativa contou com a colabora\u00e7\u00e3o da C\u00e2mara Municipal de Amarante, a empresa INVENTOS e a Farm\u00e1cia Campo da Feira. A anima\u00e7\u00e3o foi assegurada brilhantemente pelos alunos da Cercimarante, alguns trajados de palha\u00e7o, outros efectuando coreografias de gin\u00e1stica r\u00edtmica; e ainda pelas educadoras da Creche \u201cO Mi\u00fado\u201d que representaram a pe\u00e7a \u201cA Jamila vai \u00e0 Escola\u201d no \u00e2mbito do tema \u201cEduca\u00e7\u00e3o para Raparigas e Mulheres\u201d.<\/p>\n<p>Durante o resto do dia, as diversas institui\u00e7\u00f5es juntaram-se \u00e0 tradicional feira (mercado) local com barraquinhas pr\u00f3prias de exposi\u00e7\u00e3o dos seus trabalhos e venda de produtos por elas produzidos.<\/p>\n<p style=\"text-align: right;\"><em>Mafalda Coelho \/ Paulo Teixeira<\/em><\/p>\n<p style=\"text-align: right;\">| <a title=\"Clique aqui para entrar na Galeria sobre este tema\" href=\"http:\/\/www.pauloteixeira.net\/portfolio\/#\/content\/Espectaculos%20e%20Eventos\/Eventos%20Publicos\/2011-05-18%20-%20Conhecer%20Amarante%20-%20Iniciativa%20IPSS\/\" target=\"_blank\">Mais Fotos<\/a> |<\/p>\n","protected":false},"excerpt":{"rendered":"<p>IPSS\u2019s de Amarante re\u00fanem-se para promover o seu trabalho e as suas \u00e1reas de interven\u00e7\u00e3o No passado dia 18 de Maio de 2011, v\u00e1rias entidades que no concelho prestam apoio \u00e0 popula\u00e7\u00e3o S\u00e9nior nomeadamente, ADESCO, Bem-Estar, CLAP, Centro Social de Real, Centro Social de Jazente, Associa\u00e7\u00e3o Humanit\u00e1ria de Figueir\u00f3 Santiago, Associa\u00e7\u00e3o Progredir e Patronato de [&hellip;]<\/p>\n","protected":false},"author":1,"featured_media":0,"comment_status":"closed","ping_status":"closed","sticky":false,"template":"","format":"standard","meta":[],"categories":[9],"tags":[],"_links":{"self":[{"href":"http:\/\/www.pauloteixeira.net\/wordpress\/wp-json\/wp\/v2\/posts\/201"}],"collection":[{"href":"http:\/\/www.pauloteixeira.net\/wordpress\/wp-json\/wp\/v2\/posts"}],"about":[{"href":"http:\/\/www.pauloteixeira.net\/wordpress\/wp-json\/wp\/v2\/types\/post"}],"author":[{"embeddable":true,"href":"http:\/\/www.pauloteixeira.net\/wordpress\/wp-json\/wp\/v2\/users\/1"}],"replies":[{"embeddable":true,"href":"http:\/\/www.pauloteixeira.net\/wordpress\/wp-json\/wp\/v2\/comments?post=201"}],"version-history":[{"count":2,"href":"http:\/\/www.pauloteixeira.net\/wordpress\/wp-json\/wp\/v2\/posts\/201\/revisions"}],"predecessor-version":[{"id":204,"href":"http:\/\/www.pauloteixeira.net\/wordpress\/wp-json\/wp\/v2\/posts\/201\/revisions\/204"}],"wp:attachment":[{"href":"http:\/\/www.pauloteixeira.net\/wordpress\/wp-json\/wp\/v2\/media?parent=201"}],"wp:term":[{"taxonomy":"category","embeddable":true,"href":"http:\/\/www.pauloteixeira.net\/wordpress\/wp-json\/wp\/v2\/categories?post=201"},{"taxonomy":"post_tag","embeddable":true,"href":"http:\/\/www.pauloteixeira.net\/wordpress\/wp-json\/wp\/v2\/tags?post=201"}],"curies":[{"name":"wp","href":"https:\/\/api.w.org\/{rel}","templated":true}]}}