{"id":188,"date":"2011-04-19T09:17:23","date_gmt":"2011-04-19T09:17:23","guid":{"rendered":"http:\/\/www.pauloteixeira.net\/wordpress\/?p=188"},"modified":"2011-06-13T23:42:36","modified_gmt":"2011-06-13T23:42:36","slug":"bencao-e-procissao-dos-ramos","status":"publish","type":"post","link":"http:\/\/www.pauloteixeira.net\/wordpress\/2011\/04\/19\/bencao-e-procissao-dos-ramos\/","title":{"rendered":"Ben\u00e7\u00e3o e Prociss\u00e3o de Ramos"},"content":{"rendered":"<div class=\"mceTemp\">\n<dl id=\"attachment_189\" class=\"wp-caption alignleft\" style=\"width: 160px;\">\n<dt class=\"wp-caption-dt\"><a href=\"http:\/\/www.pauloteixeira.net\/wordpress\/wp-content\/uploads\/2011\/04\/DSC_3936.jpg\"><img loading=\"lazy\" class=\"size-thumbnail wp-image-189\" title=\"DSC_3936\" src=\"http:\/\/www.pauloteixeira.net\/wordpress\/wp-content\/uploads\/2011\/04\/DSC_3936-150x150.jpg\" alt=\"Ramo de Oliveira &amp; Cajado com as fitas\" width=\"150\" height=\"150\" \/><\/a><\/dt>\n<\/dl>\n<\/div>\n<p><strong>Teve in\u00edcio a Semana Santa em Amarante<\/strong><\/p>\n<p>As par\u00f3quias de S\u00e3o Gon\u00e7alo e S\u00e3o Ver\u00edssimo encetaram este Domingo a din\u00e2mica que comp\u00f5e a celebra\u00e7\u00e3o da P\u00e1scoa da Ressurrei\u00e7\u00e3o. Assim, pelas 09:45, no tradicional Domingo de Ramos, a Igreja recordou a entrada de Cristo em Jerusal\u00e9m para consumar o Mist\u00e9rio Pascal.<\/p>\n<p>O encontro teve lugar no lugar da Torre (Bucas), com as crian\u00e7as da catequese reunidas nos seus grupos, levando os respectivos ramos de oliveira. Os pais das crian\u00e7as que realizaram a din\u00e2mica quaresmal levavam um bast\u00e3o onde semanalmente foram colocadas fitas com uns dizeres denominados de &#8220;imposs\u00edveis&#8221;.<\/p>\n<p>Ap\u00f3s a ben\u00e7\u00e3o dos ramos, a prociss\u00e3o rumou pela Rua S\u00e1 Carneiro, descendo pela Rua C\u00e2ndido dos Reis em direc\u00e7\u00e3o ao Mosteiro de S\u00e3o Gon\u00e7alo onde teve lugar a celebra\u00e7\u00e3o da Missa dominical.<\/p>\n<p>A semana santa continuar\u00e1, com destaque para as celebra\u00e7\u00f5es na Igreja de S\u00e3o Gon\u00e7alo. Do programa consta, na quinta-feira ao final da tarde, a celebra\u00e7\u00e3o da Ceia do Senhor, que inclui o Rito do Lava-p\u00e9s; \u00e0 noite, o concerto de P\u00e1scoa. Na sexta-feira santa, a celebra\u00e7\u00e3o da Paix\u00e3o do Senhor, pelas 15 horas, altura em que as m\u00e3es das crian\u00e7as da catequese que participaram na din\u00e2mica quaresmal entregar\u00e3o o saco com as realiza\u00e7\u00f5es para tornar &#8220;os imposs\u00edveis poss\u00edveis&#8221;. No S\u00e1bado \u00e0 noite, ter\u00e1 lugar a Vig\u00edlia Pascal, &#8220;a noite em que o tempo e a eternidade deram as m\u00e3os&#8221;, com as Liturgias da Luz, da Palavra, Baptismal e Eucar\u00edstica. Por fim, no Domingo, celebra-se a P\u00e1scoa do Senhor, com as celebra\u00e7\u00f5es dominicais \u00e0s 11 e 19 horas.<\/p>\n<p>\u00c9 tamb\u00e9m no Domingo e segunda-feira que t\u00eam lugar as tradicionais visitas aos domic\u00edlios por todas as freguesias da cidade.<\/p>\n<p style=\"text-align: right;\">| <a title=\"Mais Fotos\" href=\"http:\/\/www.pauloteixeira.net\/portfolio\/#\/content\/Espectaculos%20e%20Eventos\/Eventos%20Religiosos\/2011-04-16%20-%20Bencao%20e%20Procissao%20de%20Ramos\/\">Ver mais fotos<\/a> |<\/p>\n","protected":false},"excerpt":{"rendered":"<p>Teve in\u00edcio a Semana Santa em Amarante As par\u00f3quias de S\u00e3o Gon\u00e7alo e S\u00e3o Ver\u00edssimo encetaram este Domingo a din\u00e2mica que comp\u00f5e a celebra\u00e7\u00e3o da P\u00e1scoa da Ressurrei\u00e7\u00e3o. Assim, pelas 09:45, no tradicional Domingo de Ramos, a Igreja recordou a entrada de Cristo em Jerusal\u00e9m para consumar o Mist\u00e9rio Pascal. O encontro teve lugar no [&hellip;]<\/p>\n","protected":false},"author":1,"featured_media":0,"comment_status":"closed","ping_status":"closed","sticky":false,"template":"","format":"standard","meta":[],"categories":[26],"tags":[],"_links":{"self":[{"href":"http:\/\/www.pauloteixeira.net\/wordpress\/wp-json\/wp\/v2\/posts\/188"}],"collection":[{"href":"http:\/\/www.pauloteixeira.net\/wordpress\/wp-json\/wp\/v2\/posts"}],"about":[{"href":"http:\/\/www.pauloteixeira.net\/wordpress\/wp-json\/wp\/v2\/types\/post"}],"author":[{"embeddable":true,"href":"http:\/\/www.pauloteixeira.net\/wordpress\/wp-json\/wp\/v2\/users\/1"}],"replies":[{"embeddable":true,"href":"http:\/\/www.pauloteixeira.net\/wordpress\/wp-json\/wp\/v2\/comments?post=188"}],"version-history":[{"count":12,"href":"http:\/\/www.pauloteixeira.net\/wordpress\/wp-json\/wp\/v2\/posts\/188\/revisions"}],"predecessor-version":[{"id":229,"href":"http:\/\/www.pauloteixeira.net\/wordpress\/wp-json\/wp\/v2\/posts\/188\/revisions\/229"}],"wp:attachment":[{"href":"http:\/\/www.pauloteixeira.net\/wordpress\/wp-json\/wp\/v2\/media?parent=188"}],"wp:term":[{"taxonomy":"category","embeddable":true,"href":"http:\/\/www.pauloteixeira.net\/wordpress\/wp-json\/wp\/v2\/categories?post=188"},{"taxonomy":"post_tag","embeddable":true,"href":"http:\/\/www.pauloteixeira.net\/wordpress\/wp-json\/wp\/v2\/tags?post=188"}],"curies":[{"name":"wp","href":"https:\/\/api.w.org\/{rel}","templated":true}]}}